{"id":1067,"date":"2023-12-08T12:48:37","date_gmt":"2023-12-08T12:48:37","guid":{"rendered":"https:\/\/eqpack.se\/?p=1067"},"modified":"2023-12-08T12:48:38","modified_gmt":"2023-12-08T12:48:38","slug":"johan-tjernell-en-man-i-standig-rorelse","status":"publish","type":"post","link":"https:\/\/eqpack.se\/sv_se\/johan-tjernell-en-man-i-standig-rorelse\/","title":{"rendered":"Johan Tjernell \u2013 en man i st\u00e4ndig r\u00f6relse"},"content":{"rendered":"\n<p>Efter att ha umg\u00e5tts med Johan Tjernell i n\u00e5gra timmar k\u00e4nner man sig sm\u00e5tt \u00f6verv\u00e4ldigad och v\u00e4ldigt inspirerad. Att man kan kanalisera sina id\u00e9er, f\u00f6rverkliga dem och \u00e4ven g\u00f6ra aff\u00e4rer p\u00e5 dem \u00e4r ingenting annat \u00e4n imponerande.<\/p>\n\n\n\n<p><\/p>\n\n\n\n<p>Johan driver f\u00f6retagen EQpackAB och Husmuttern AB och det \u00e4r om honom denna text ska handla.<\/p>\n\n\n\n<p>F\u00f6rst n\u00e5gra ord om f\u00f6retagen:<\/p>\n\n\n\n<p>EQpack AB producerar f\u00f6rpackningsl\u00f6sningar till b\u00e5de industri och konsumentprodukter och i Husmuttern AB har man tagit fram ett helt nytt s\u00e4tt att producera bost\u00e4der.<\/p>\n\n\n\n<p><strong>40-\u00e5rs kris?<br><\/strong>-Man kanske kan kalla det en ovanligt avancerad 40-\u00e5rskris, ber\u00e4ttar Johan.<\/p>\n\n\n\n<p>Jag befann mig mitt i livet med bra arbete, familj och villa. Allt p\u00e5 plats. Men jag k\u00e4nde att jag ville n\u00e5got mer &#8211; n\u00e5got som finns kvar n\u00e4r jag inte finns l\u00e4ngre. Ett syfte att ha funnits till.<\/p>\n\n\n\n<p>Johans k\u00e4nsla utmynnade i ovan n\u00e4mnda Husmuttern AB, f\u00f6r att p\u00e5 ett h\u00e5llbart s\u00e4tt producera bost\u00e4der och f\u00e5 folk i jobb. F\u00f6r att arbetet ska passa s\u00e5 m\u00e5nga som m\u00f6jligt, utan tidigare f\u00f6rkunskaper, utg\u00e5r man fr\u00e5n bildspr\u00e5k, piktogram och r\u00f6rlig bild som instruktion till den som ska utf\u00f6ra momentet. Detta har gjorts i samarbete med en m\u00e4ngd olika intressenter, bland annat MDU, Arbetsf\u00f6rmedlingen, Tillv\u00e4xtverket, Vinnova, Rise, Almi och MITC. Precis n\u00e4r man var \u201dklar\u201d med arbetet och skulle ha invigning kom covid.<br>Raskt st\u00e4llde de om produktionen och med samma systematik tog de fram moduler f\u00f6r att producera visir och skyddsrockar till v\u00e5rden. Nu efter pandemin fokuserar man p\u00e5 husbyggarproduktionen igen.<\/p>\n\n\n\n<p><strong>Inte bara id\u00e9spruta utan \u00e4ven genomf\u00f6rare<br><\/strong>Johan \u00e4r n\u00e4mligen n\u00e5got s\u00e5 ovanligt som b\u00e5de innovat\u00f6r, id\u00e9spruta och genomf\u00f6rare.<\/p>\n\n\n\n<p>Hela hans v\u00e4sen vittnar om ett stort hj\u00e4rta; han t\u00e4nker h\u00e5llbarhet p\u00e5 m\u00e5nga olika s\u00e4tt och gillar att knyta till sig nya samarbetspartner.<\/p>\n\n\n\n<p>F\u00f6retaget EQpack hade en v\u00e4ldigt begr\u00e4nsad produktportf\u00f6lj och f\u00e5 kunder n\u00e4r Johan blev anst\u00e4lld. Som den innovat\u00f6r han \u00e4r har han och EQpacks s\u00e4ljteam nu kraftigt \u00f6kat antalet produkter och med det \u00e4ven antalet kunder. \u2013 Det \u00e4r viktigt f\u00f6r oss att vi har en bredd i produktportf\u00f6ljen och att vi inte st\u00e5r och faller med en produkt eller en kund.<\/p>\n\n\n\n<p>Johan blev anst\u00e4lld f\u00f6r att g\u00f6ra just detta, och samtidigt hade den tidigare VD:n och \u00e4garen Jan Oveby uttryckt ett \u00f6nskem\u00e5l om att Johan p\u00e5 sikt skulle ta \u00f6ver ledarskapet och \u00e4gandet av f\u00f6retaget.<\/p>\n\n\n\n<p>Sagt och gjort, 2021 tilltr\u00e4dde Johan tilltr\u00e4dde som VD och Jan Oveby \u00e4r styrelseordf\u00f6rande tills Johan k\u00f6pt bolaget.<\/p>\n\n\n\n<p>Nu forts\u00e4tter han p\u00e5 den inslagna v\u00e4gen med att utveckla f\u00f6retagen och anst\u00e4ller g\u00e4rna innovat\u00f6rer som bidrar till nyt\u00e4nkandet. H\u00e4r skapar han en milj\u00f6 som uppmuntrar till att t\u00e4nka nytt, d\u00e4r h\u00e5llbarhetsaspekterna alltid finns med.<\/p>\n\n\n\n<figure class=\"wp-block-image size-large\"><img decoding=\"async\" loading=\"lazy\" width=\"1024\" height=\"614\" src=\"https:\/\/mediaeqpack.eqpack.se\/2023\/12\/Johan-Tjernell_och_buss-1024x614.jpg\" alt=\"\" class=\"wp-image-1068\" srcset=\"http:\/\/mediaeqpack.eqpack.se\/2023\/12\/Johan-Tjernell_och_buss-1024x614.jpg 1024w, http:\/\/mediaeqpack.eqpack.se\/2023\/12\/Johan-Tjernell_och_buss-300x180.jpg 300w, http:\/\/mediaeqpack.eqpack.se\/2023\/12\/Johan-Tjernell_och_buss-1536x922.jpg 1536w, http:\/\/mediaeqpack.eqpack.se\/2023\/12\/Johan-Tjernell_och_buss-18x12.jpg 18w, http:\/\/mediaeqpack.eqpack.se\/2023\/12\/Johan-Tjernell_och_buss.jpg 2000w\" sizes=\"(max-width: 1024px) 100vw, 1024px\" \/><\/figure>\n\n\n\n<p><strong>Roadtrip<br><\/strong>Ytterligare ett bevis p\u00e5 att Johan och hans s\u00e4ljteam \u00e4r bra p\u00e5 att t\u00e4nka nytt och utanf\u00f6r boxen \u00e4r den roadtrip som de genomf\u00f6rt under sommaren.<\/p>\n\n\n\n<p>Syftet var att visa upp hela deras erbjudande, vilket gjordes i en ombyggd bokbuss &#8211; sj\u00e4lvklart tankad med milj\u00f6br\u00e4nsle.<\/p>\n\n\n\n<p>Det blev en succ\u00e9. &#8211; Vi var ute under 10 dagar i fr\u00e4mst Sk\u00e5ne och p\u00e5 v\u00e4stkusten och vi v\u00e4ckte bra uppm\u00e4rksamhet under hela resan, ber\u00e4ttar Johan. B\u00e5de potentiella och befintliga kunder bes\u00f6ktes. H\u00e4r blev de \u00e4n mer \u00f6vertygade om att f\u00f6rs\u00e4ljning sker via relation, och att det helst ska k\u00e4nnas kravl\u00f6st och avslappnat.<\/p>\n\n\n\n<p><strong>Hur funkar du som person och som f\u00f6retagsledare?<br><\/strong>&#8211;&nbsp;&nbsp;&nbsp;&nbsp;&nbsp;&nbsp;&nbsp;&nbsp; Det \u00e4r v\u00e4ldigt prestigel\u00f6st p\u00e5 f\u00f6retaget och hela utvecklingsteamet \u00e4r fyllt av probleml\u00f6sare som jobbar t\u00e4tt tillsammans. Jag som person gillar att l\u00f6sa tekniska problem och t\u00e4nka annorlunda. Jag \u00e4r nyfiken p\u00e5 m\u00e4nniskor, gillar att umg\u00e5s och att samarbeta och jag jobbar medvetet p\u00e5 att inte vara som alla andra.<\/p>\n\n\n\n<p><strong>Hur skulle din fru beskriva dig?<br><\/strong>Eftersom Johan blev nyfiken p\u00e5 svaret kontaktades n\u00e4mnda fru under intervjun och svaret kom p\u00e5 v\u00e4ndande sms. Glad och lite r\u00f6rd l\u00e4ste Johan detta:<\/p>\n\n\n\n<p><em>Innovativ och kreativ. En inspirerande vision\u00e4r som \u00e4r \u00f6ppen och ut\u00e5triktad. Dessutom \u00e4r du b\u00e5de kommunikativ och social.<\/em><\/p>\n\n\n\n<p><strong>Hur ser det ut f\u00f6r dig om 5 \u00e5r?<br><\/strong>&#8211;&nbsp;&nbsp;&nbsp;&nbsp;&nbsp;&nbsp;&nbsp;&nbsp; Jag \u00e4r kvar p\u00e5 f\u00f6retaget. Husmuttern \u00e4r lanserad och en stor akt\u00f6r i Sverige och Europa. EQpack \u00e4r mycket st\u00f6rre \u00e4n vad vi \u00e4r idag. Vi v\u00e4xer organiskt med hj\u00e4lp av nya produkter och nya kunder. Vi har idag ett bra g\u00e4ng p\u00e5 s\u00e4ljavdelningen som g\u00f6r att vi hittar nya kunder samt ett starkt team som producerar med kunden i fokus, ber\u00e4ttar Johan<\/p>\n\n\n\n<p><strong>Vad \u00e4r f\u00f6retagets styrkor?<br><\/strong>&#8211;&nbsp;&nbsp;&nbsp;&nbsp;&nbsp;&nbsp;&nbsp;&nbsp; Vi \u00e4r en helhetsleverant\u00f6r med ett v\u00e4ldigt gott rykte. \u00c4ven om det kr\u00e5nglar till sig s\u00e5 l\u00f6ser vi problemet och det hela slutar med en n\u00f6jd kund. Vi har ett t\u00e4tt samarbete med kunderna, en ynnest i vardagen, s\u00e4ger Johan och forts\u00e4tter; vi jobbar med b\u00e5de olika material och olika metoder. Vi jobbar bland annat med elektrifieringen av Sverige. Husmuttern kan v\u00e4xa n\u00e5got fantastiskt n\u00e4r det lanseras. T\u00e4nk till exempel p\u00e5 det enorma behov som finns i <a>Ukraina<\/a>[KS1]&nbsp;\u2026<\/p>\n\n\n\n<p>Vi har inte sv\u00e5rt att hitta personal, de flesta \u00e4r studenter som vi l\u00e4r upp i egen regi. Bara Husmuttern har genererat 163 exjobb\/studentarbeten under 8 \u00e5r, n\u00e5got som borde vara rekord i sammanhanget.<\/p>\n\n\n\n<p><strong>Lite siffror<br><\/strong>Antal anst\u00e4llda \u00e4r ca 30 personer, en \u00f6kning med 10 st p\u00e5 tv\u00e5 \u00e5r.<\/p>\n\n\n\n<p>Oms\u00e4ttning \u00e4r idag ca 70 mkr, om tv\u00e5 \u00e5r siktar man mot 100 mkr<\/p>\n\n\n\n<p>&#8211;&nbsp;&nbsp;&nbsp;&nbsp;&nbsp;&nbsp;&nbsp;&nbsp; Tillv\u00e4xten \u00e4ter resultat och eftersom vi v\u00e4xer v\u00e4ldigt fort g\u00e4ller det att ta r\u00e4tt beslut hela tiden. Samtidigt \u00e4r pengarna inte det viktiga, s\u00e4ger Johan. Det viktiga \u00e4r att skapa starka och livskraftiga bolag. Familje\u00e4gda f\u00f6retag \u00e4r min f\u00f6rebild g\u00e4llande f\u00f6retagsbyggande.<\/p>\n\n\n\n<p>Vi tackar f\u00f6r en energigivande stund och \u00f6nskar Johan och hans medarbetare ett stort lycka till!<\/p>\n\n\n\n<p><\/p>\n\n\n\n<p><strong>Sparbanken Rekarne AB (2023). Johan Tjernell \u2013 en man i st\u00e4ndig r\u00f6relse.<a href=\"https:\/\/www.sparbankenrekarne.se\/share\/8270-fragments\/flyouts\/ekon\/artiklar\/foretag\/johan-tjernell.html\">URL<\/a> [2023-12-08].<\/strong><\/p>\n","protected":false},"excerpt":{"rendered":"<p>Efter att ha umg\u00e5tts med Johan Tjernell i n\u00e5gra timmar k\u00e4nner man sig sm\u00e5tt \u00f6verv\u00e4ldigad och v\u00e4ldigt inspirerad. Att man kan kanalisera sina id\u00e9er, f\u00f6rverkliga dem och \u00e4ven g\u00f6ra aff\u00e4rer p\u00e5 dem \u00e4r ingenting annat \u00e4n imponerande. Johan driver f\u00f6retagen EQpackAB och Husmuttern AB och det \u00e4r om honom denna text ska handla. F\u00f6rst n\u00e5gra&hellip;<\/p>\n","protected":false},"author":2,"featured_media":1069,"comment_status":"closed","ping_status":"closed","sticky":false,"template":"","format":"standard","meta":[],"categories":[2],"tags":[],"_links":{"self":[{"href":"https:\/\/eqpack.se\/sv_se\/wp-json\/wp\/v2\/posts\/1067"}],"collection":[{"href":"https:\/\/eqpack.se\/sv_se\/wp-json\/wp\/v2\/posts"}],"about":[{"href":"https:\/\/eqpack.se\/sv_se\/wp-json\/wp\/v2\/types\/post"}],"author":[{"embeddable":true,"href":"https:\/\/eqpack.se\/sv_se\/wp-json\/wp\/v2\/users\/2"}],"replies":[{"embeddable":true,"href":"https:\/\/eqpack.se\/sv_se\/wp-json\/wp\/v2\/comments?post=1067"}],"version-history":[{"count":1,"href":"https:\/\/eqpack.se\/sv_se\/wp-json\/wp\/v2\/posts\/1067\/revisions"}],"predecessor-version":[{"id":1070,"href":"https:\/\/eqpack.se\/sv_se\/wp-json\/wp\/v2\/posts\/1067\/revisions\/1070"}],"wp:featuredmedia":[{"embeddable":true,"href":"https:\/\/eqpack.se\/sv_se\/wp-json\/wp\/v2\/media\/1069"}],"wp:attachment":[{"href":"https:\/\/eqpack.se\/sv_se\/wp-json\/wp\/v2\/media?parent=1067"}],"wp:term":[{"taxonomy":"category","embeddable":true,"href":"https:\/\/eqpack.se\/sv_se\/wp-json\/wp\/v2\/categories?post=1067"},{"taxonomy":"post_tag","embeddable":true,"href":"https:\/\/eqpack.se\/sv_se\/wp-json\/wp\/v2\/tags?post=1067"}],"curies":[{"name":"wp","href":"https:\/\/api.w.org\/{rel}","templated":true}]}}